{"id":1608,"date":"2011-07-17T00:51:11","date_gmt":"2011-07-16T22:51:11","guid":{"rendered":"http:\/\/lettresdurien.wordpress.com\/?p=1608"},"modified":"2013-05-01T23:46:51","modified_gmt":"2013-05-01T21:46:51","slug":"sans-reve-pour-gener","status":"publish","type":"post","link":"https:\/\/ericlaugier.com\/web\/blog\/2011\/07\/17\/sans-reve-pour-gener\/","title":{"rendered":"Sans r\u00eave pour g\u00eaner"},"content":{"rendered":"<p style=\"text-align:justify\">Je me demande si un jour, je ne te dirai pas merci. Tu demanderas s\u00fbrement pourquoi et s\u00fbrement que je ne saurai pas vraiment d\u2019exposer la raison. Ce n\u2019est pas que je ne la sache pas, c\u2019est plut\u00f4t que je ne saurai le mettre en mots pour que ce soit compris. L\u2019id\u00e9e, \u00e7a ne sera m\u00eame pas que tu me r\u00e9pondes \u201cDe rien.\u201d comme si les choses allaient de soi. Ce ne sera pas non plus fait pour t\u2019embarrasser.<\/p>\n<p style=\"text-align:justify\">Je n\u2019ai pas la pr\u00e9tention de m\u2019imposer \u00e0 toi d\u2019une mani\u00e8re quelconque. Je crois juste qu\u2019il y a un \u00e9tat de fait qui m\u00e9riterait d\u2019\u00eatre soulign\u00e9. Peut-\u00eatre, serait-ce une mani\u00e8re de ma part de te traduire de fa\u00e7on d\u00e9tourn\u00e9e que je t\u2019ai red\u00e9couverte, ou plus exactement, que tu as d\u00e9pass\u00e9 l\u2019image que je pouvais me faire de toi. Parce qu\u2019il faut bien le reconna\u00eetre : qu\u2019on le veuille ou non, on enferme souvent \u201cl\u2019autre\u201d dans une certaine projection dont on est persuad\u00e9 qu\u2019il sera incapable de sortir. C\u2019est d\u2019autant plus vrai lorsqu\u2019on a pass\u00e9 du temps ensemble en toute proximit\u00e9. Et on se ment. Ou plut\u00f4t, on se prot\u00e8ge contre notre propre incapacit\u00e9 \u00e0 laisser \u201cl\u2019autre\u201d le temps de nous parler, de nous traduire d\u2019une mani\u00e8re plus ou moins adroite ce qu&rsquo;il a au fond de lui. On va se f\u00e2cher avant m\u00eame qu\u2019il ait dit ses trois premiers mots et quand bien m\u00eame, il dirait les phrases que nous attendions, nous lui dirons qu\u2019il n\u2019a pas \u00e0 se forcer \u00e0 \u00eatre \u201cgentil\u201d&#8230; Comme s\u2019il \u00e9tait impossible que cela puisse \u00eatre un acte \u201cnon r\u00e9fl\u00e9chi\u201d. Le plus \u201cmarrant\u201d dans l\u2019histoire, c\u2019est que certains diront que c\u2019est leur impulsivit\u00e9, leur c\u00f4t\u00e9 \u201cirr\u00e9fl\u00e9chi\u201d, leur \u201caffect\u201d qui les poussent \u00e0 agir ainsi. Alors que si on se pose trois secondes&#8230;. C\u2019est tout l\u2019inverse. Qu\u2019y a-t-il \u201cd\u2019irr\u00e9fl\u00e9chi\u201d dans cette attitude ? Rien&#8230; C\u2019est un comportement tout ce qu\u2019il y a de plus format\u00e9, \u201cr\u00e9fl\u00e9chi\u201d \u00e0 l\u2019avance&#8230; Si vraiment, c\u2019\u00e9tait l\u2019affect qui guidait ce genre de geste, il prendrait en compte l\u2019autre et son \u00e9tat \u201csensible\u201d \u00e0 cet instant pr\u00e9cis. Or on est l\u00e0 dans la n\u00e9gation compl\u00e8te de cette situation.<\/p>\n<p style=\"text-align:justify\">Ce que je te laisse aujourd\u2019hui comme libert\u00e9 (et r\u00e9ciproquement), c\u2019est une mani\u00e8re de me laisser t\u2019aimer \u00e0 ta \u201csauce\u201d&#8230; Je ne plaque plus mes espoirs, mes lubies, mes caprices ou mes inqui\u00e9tudes sur toi. C\u2019est toi qui t\u2019exprimes et non la projection que je me fais de toi&#8230; Et \u00e7a, c\u2019est juste \u201cbeau\u201d. Je ne sais si on peut trouver un autre terme pour le dire mais je crois que non.<\/p>\n<p style=\"text-align:justify\">Alors pour en revenir \u00e0 mon \u201cmerci\u201d&#8230; Voil\u00e0, \u00e7a vient de l\u00e0 et tu sauras bien tout ce qui en d\u00e9coule. Je crois que je n\u2019ai jamais cru que nous pourrions avoir ce rapport-l\u00e0. Je crois aussi que je ne me suis jamais dit l\u2019inverse non plus. Mais il y avait une esp\u00e8ce d\u2019\u00e9vidence latente contre laquelle je ne pouvais rien faire qui m\u2019emp\u00eachait de me dire tout simplement \u201cPourquoi pas ?\u201d<\/p>\n<p style=\"text-align:justify\">Alors je voudrais te dire \u201cmerci\u201d oui&#8230; Juste au pr\u00e9sent, sans pr\u00e9sager de demain. Sans me dire que mes r\u00eaves pourraient tr\u00e8s bien se r\u00e9aliser et sans me dire le contraire non plus.<\/p>\n","protected":false},"excerpt":{"rendered":"<p>Je me demande si un jour, je ne te dirai pas merci. Tu demanderas s\u00fbrement pourquoi et s\u00fbrement que je ne saurai pas vraiment d\u2019exposer la raison. Ce n\u2019est pas que je ne la sache pas, c\u2019est plut\u00f4t que je ne saurai le mettre en mots pour que ce soit compris. L\u2019id\u00e9e, \u00e7a ne sera [&hellip;]<\/p>\n","protected":false},"author":1,"featured_media":0,"comment_status":"open","ping_status":"open","sticky":false,"template":"","format":"standard","meta":{"_exactmetrics_skip_tracking":false,"_exactmetrics_sitenote_active":false,"_exactmetrics_sitenote_note":"","_exactmetrics_sitenote_category":0,"jetpack_post_was_ever_published":false,"_jetpack_newsletter_access":"","_jetpack_dont_email_post_to_subs":false,"_jetpack_newsletter_tier_id":0,"_jetpack_memberships_contains_paywalled_content":false,"_jetpack_memberships_contains_paid_content":false,"footnotes":"","jetpack_publicize_message":"Sans r\u00eave pour g\u00eaner: http:\/\/wp.me\/pRmGm-pW","jetpack_publicize_feature_enabled":true,"jetpack_social_post_already_shared":false,"jetpack_social_options":{"image_generator_settings":{"template":"highway","default_image_id":0,"font":"","enabled":false},"version":2}},"categories":[86,9],"tags":[8],"class_list":["post-1608","post","type-post","status-publish","format-standard","hentry","category-cahier-2011","category-journal","tag-chroniques"],"jetpack_publicize_connections":[],"jetpack_featured_media_url":"","jetpack_sharing_enabled":true,"jetpack_shortlink":"https:\/\/wp.me\/p4SHRd-pW","_links":{"self":[{"href":"https:\/\/ericlaugier.com\/web\/wp-json\/wp\/v2\/posts\/1608","targetHints":{"allow":["GET"]}}],"collection":[{"href":"https:\/\/ericlaugier.com\/web\/wp-json\/wp\/v2\/posts"}],"about":[{"href":"https:\/\/ericlaugier.com\/web\/wp-json\/wp\/v2\/types\/post"}],"author":[{"embeddable":true,"href":"https:\/\/ericlaugier.com\/web\/wp-json\/wp\/v2\/users\/1"}],"replies":[{"embeddable":true,"href":"https:\/\/ericlaugier.com\/web\/wp-json\/wp\/v2\/comments?post=1608"}],"version-history":[{"count":1,"href":"https:\/\/ericlaugier.com\/web\/wp-json\/wp\/v2\/posts\/1608\/revisions"}],"predecessor-version":[{"id":2218,"href":"https:\/\/ericlaugier.com\/web\/wp-json\/wp\/v2\/posts\/1608\/revisions\/2218"}],"wp:attachment":[{"href":"https:\/\/ericlaugier.com\/web\/wp-json\/wp\/v2\/media?parent=1608"}],"wp:term":[{"taxonomy":"category","embeddable":true,"href":"https:\/\/ericlaugier.com\/web\/wp-json\/wp\/v2\/categories?post=1608"},{"taxonomy":"post_tag","embeddable":true,"href":"https:\/\/ericlaugier.com\/web\/wp-json\/wp\/v2\/tags?post=1608"}],"curies":[{"name":"wp","href":"https:\/\/api.w.org\/{rel}","templated":true}]}}