{"id":1859,"date":"2011-12-14T20:17:32","date_gmt":"2011-12-14T19:17:32","guid":{"rendered":"http:\/\/lettresdurien.wordpress.com\/?p=1859"},"modified":"2013-05-01T23:29:37","modified_gmt":"2013-05-01T21:29:37","slug":"theorie-generale-de-laffectivite-restreinte","status":"publish","type":"post","link":"https:\/\/ericlaugier.com\/web\/blog\/2011\/12\/14\/theorie-generale-de-laffectivite-restreinte\/","title":{"rendered":"Th\u00e9orie g\u00e9n\u00e9rale de l&rsquo;affectivit\u00e9 restreinte"},"content":{"rendered":"<p style=\"text-align:center\"><span class=\"embed-youtube\" style=\"text-align:center; display: block;\"><iframe loading=\"lazy\" class=\"youtube-player\" width=\"700\" height=\"394\" src=\"https:\/\/www.youtube.com\/embed\/RRBugVOO6ec?version=3&#038;rel=1&#038;showsearch=0&#038;showinfo=1&#038;iv_load_policy=1&#038;fs=1&#038;hl=fr-FR&#038;autohide=2&#038;wmode=transparent\" allowfullscreen=\"true\" style=\"border:0;\" sandbox=\"allow-scripts allow-same-origin allow-popups allow-presentation allow-popups-to-escape-sandbox\"><\/iframe><\/span><\/p>\n<p style=\"text-align:justify\">J\u2019imagine que tu vas me dire qu\u2019on ne sert jamais deux fois le m\u00eame plat dans le m\u00eame couvert, ou un truc approchant. Une expression qui, somme toute, quand tu la prends au sens propre est totalement d\u00e9lirante&#8230; Je crois que tu me l\u2019as d\u00e9j\u00e0 dit et je crois que je t\u2019ai d\u00e9j\u00e0 r\u00e9pondu que je ne comprenais pas d\u2019o\u00f9 venait ce \u201cdogme\u201d&#8230; En m\u00eame temps, tu sais bien que je n\u2019ai pas de r\u00e8gle, je ne sais pas fonctionner avec \u00e7a&#8230; Je ne veux pas d\u2019une vie qui soit segment\u00e9e, r\u00e9gie par des lois qui n\u2019ont pas de sens entre nous&#8230; Quand je dis nous, je parle de toi comme je pourrais parler d\u2019une autre. Ca ne veut pas dire qu\u2019il y a \u201cautre\u201d&#8230; C\u2019est juste une mani\u00e8re d\u2019aborder une relation de mani\u00e8re g\u00e9n\u00e9rale. Le truc assez troublant, c\u2019est que quand je parle de choses g\u00e9n\u00e9rales, je parle aussi de toi en particulier. Comme si tu avais cette chose qu\u2019on ne rencontre quasi jamais dans la vie, la capacit\u00e9 d\u2019\u00eatre \u00e0 l\u2019image de ce que je veux quelque soit l\u2019\u00e9chelle. Les esprits chagrins diront que la raison est que je ne suis pas quelqu\u2019un de tr\u00e8s exigeant&#8230; Mais au final, je pense que je pourrais t\u2019appeler \u201c\u00e0 la barre\u201d pour t\u00e9moigner du contraire. En m\u00eame temps, ils n\u2019ont pas tout \u00e0 fait tort. J\u2019attends beaucoup de toi comme des autres mais je n\u2019en fais pas un \u00e9l\u00e9ment discriminant. Mon affectif est ind\u00e9pendant. Il ne suit pas la courbe de ma \u201csatisfaction\u201d&#8230; C\u2019est peut-\u00eatre bizarre mais c\u2019est une chose que je ne peux nier car elle trouve jour apr\u00e8s jour une mani\u00e8re de se mettre en \u00e9vidence. Certains voient l\u00e0 la source d&rsquo;une certaine instabilit\u00e9 affective, un potentiel d\u2019infid\u00e9lit\u00e9. Ils me font rire. Eux qui se mettent avec untel puis se s\u00e9parent puis ne veulent plus en entendre parler, et qui changent de route, \u00e7a y est, la bonne, \u201callez, on se marie\u201d, et puis&#8230; Les choses changent et \u00e7a ne va plus&#8230; On d\u00e9fait tout, on change le casting et on se tourne un nouveau film&#8230; C&rsquo;est un concept comme un autre&#8230; Ce n&rsquo;est pas le mien.<\/p>\n<p style=\"text-align:justify\">\u201cMais tu sais, le mariage&#8230; c\u2019est un engagement.\u201d<\/p>\n<p style=\"text-align:justify\">Le concept&#8230; Oui. La r\u00e9alit\u00e9, c\u2019est que tr\u00e8s souvent, c\u2019est une mani\u00e8re de se forcer \u00e0 respecter cet engagement. Les gens ont besoin d\u2019afficher cette \u201cpromesse\u201d aux yeux des autres pour mieux en sentir le poids sur leurs \u00e9paules. C\u2019est plus facile que de ne rien promettre et d\u2019\u00eatre encore l\u00e0, jour apr\u00e8s jour, alors qu\u2019il n\u2019y ni pacte, ni contrat&#8230; M\u00eame pas le regard des autres. Alors, tu vois, les r\u00e8gles&#8230; C\u2019est peut-\u00eatre bien pour te guider quand tu ne sais pas o\u00f9 aller ou que tu doutes&#8230; Mais si tu doutes, pourquoi y vas-tu ? Je ne sais pas&#8230; C\u2019est quoi la logique qui se cache derri\u00e8re tout \u00e7a ? Je ne sais pas, on ne vit pas sur la base d\u2019un th\u00e9or\u00e8me math\u00e9matique, non ?<\/p>\n<p style=\"text-align:justify\">\u201cMais tu sais, il y en a qui ont besoin de \u00e7a pour avancer.\u201d m\u2019as-tu dit.<\/p>\n<p style=\"text-align:justify\">Que pouvais-je r\u00e9pondre ?<\/p>\n<p style=\"text-align:justify\">Quand savoir ce qu\u2019on veut devient \u00e9quivalent \u00e0 savoir (se) faire des promesses&#8230; Je ne sais effectivement pas ce que je veux.<\/p>\n","protected":false},"excerpt":{"rendered":"<p>J\u2019imagine que tu vas me dire qu\u2019on ne sert jamais deux fois le m\u00eame plat dans le m\u00eame couvert, ou un truc approchant. Une expression qui, somme toute, quand tu la prends au sens propre est totalement d\u00e9lirante&#8230; Je crois que tu me l\u2019as d\u00e9j\u00e0 dit et je crois que je t\u2019ai d\u00e9j\u00e0 r\u00e9pondu que [&hellip;]<\/p>\n","protected":false},"author":1,"featured_media":0,"comment_status":"open","ping_status":"open","sticky":false,"template":"","format":"standard","meta":{"_exactmetrics_skip_tracking":false,"_exactmetrics_sitenote_active":false,"_exactmetrics_sitenote_note":"","_exactmetrics_sitenote_category":0,"jetpack_post_was_ever_published":false,"_jetpack_newsletter_access":"","_jetpack_dont_email_post_to_subs":false,"_jetpack_newsletter_tier_id":0,"_jetpack_memberships_contains_paywalled_content":false,"_jetpack_memberships_contains_paid_content":false,"footnotes":"","jetpack_publicize_message":"Th\u00e9orie g\u00e9n\u00e9rale de l'affectivit\u00e9 restreinte","jetpack_publicize_feature_enabled":true,"jetpack_social_post_already_shared":false,"jetpack_social_options":{"image_generator_settings":{"template":"highway","default_image_id":0,"font":"","enabled":false},"version":2}},"categories":[86,9],"tags":[8],"class_list":["post-1859","post","type-post","status-publish","format-standard","hentry","category-cahier-2011","category-journal","tag-chroniques"],"jetpack_publicize_connections":[],"jetpack_featured_media_url":"","jetpack_sharing_enabled":true,"jetpack_shortlink":"https:\/\/wp.me\/p4SHRd-tZ","_links":{"self":[{"href":"https:\/\/ericlaugier.com\/web\/wp-json\/wp\/v2\/posts\/1859","targetHints":{"allow":["GET"]}}],"collection":[{"href":"https:\/\/ericlaugier.com\/web\/wp-json\/wp\/v2\/posts"}],"about":[{"href":"https:\/\/ericlaugier.com\/web\/wp-json\/wp\/v2\/types\/post"}],"author":[{"embeddable":true,"href":"https:\/\/ericlaugier.com\/web\/wp-json\/wp\/v2\/users\/1"}],"replies":[{"embeddable":true,"href":"https:\/\/ericlaugier.com\/web\/wp-json\/wp\/v2\/comments?post=1859"}],"version-history":[{"count":1,"href":"https:\/\/ericlaugier.com\/web\/wp-json\/wp\/v2\/posts\/1859\/revisions"}],"predecessor-version":[{"id":2189,"href":"https:\/\/ericlaugier.com\/web\/wp-json\/wp\/v2\/posts\/1859\/revisions\/2189"}],"wp:attachment":[{"href":"https:\/\/ericlaugier.com\/web\/wp-json\/wp\/v2\/media?parent=1859"}],"wp:term":[{"taxonomy":"category","embeddable":true,"href":"https:\/\/ericlaugier.com\/web\/wp-json\/wp\/v2\/categories?post=1859"},{"taxonomy":"post_tag","embeddable":true,"href":"https:\/\/ericlaugier.com\/web\/wp-json\/wp\/v2\/tags?post=1859"}],"curies":[{"name":"wp","href":"https:\/\/api.w.org\/{rel}","templated":true}]}}