{"id":1967,"date":"2012-03-04T17:06:13","date_gmt":"2012-03-04T16:06:13","guid":{"rendered":"http:\/\/lettresdurien.wordpress.com\/?p=1967"},"modified":"2013-05-01T23:22:47","modified_gmt":"2013-05-01T21:22:47","slug":"la-ou-je-vis","status":"publish","type":"post","link":"https:\/\/ericlaugier.com\/web\/blog\/2012\/03\/04\/la-ou-je-vis\/","title":{"rendered":"L\u00e0 o\u00f9 je vis"},"content":{"rendered":"<p style=\"text-align:justify\">C\u2019est juste un bisou dans le cou. Un mouvement de t\u00eate un peu maladroit mais une intention certaine. Les gestes les plus significatifs sont souvent les plus maladroits et les plus incertains. En m\u00eame temps, c\u2019est toujours compliqu\u00e9 de faire comprendre sans r\u00e9ellement dire. Des fois, ce sont des phrases, des attitudes&#8230; Des regards aussi. Ces regards. Je ne sais jamais \u00e0 quel point, tu es capable de me lire. Des fois, je me dis que non. Des fois, je me dis que oui. Des fois, je me dis que tout est bien flou et qu\u2019au final, je n\u2019en sais rien. Est-ce que cela change vraiment quelque chose ? Je vais \u00eatre honn\u00eate : pour moi, non. Ce n\u2019est pas que je n\u2019ai que faire de ce que tu peux penser ou de la mani\u00e8re dont tu peux me d\u00e9crypter. Pour moi, l\u2019essentiel est d\u2019abord dans le fait d\u2019exprimer mon sentiment dans la mesure que j\u2019estime essentiel. Ensuite le reste n\u2019est que de l\u2019interpr\u00e9tation. Pourquoi suis-je venu ce week-end ? Pourquoi je voulais prendre un train un peu plus tard ? Pourquoi je t\u2019ai embrass\u00e9e dans le cou ? Y a-t-il vraiment besoin de sous-titres pour entendre ce que c\u2019est ? Suis-je ambigu ? Je ne le crois pas. Je pense que j\u2019ai pass\u00e9 le stade de l\u2019ambigu\u00eft\u00e9. S\u2019il reste une inconnue, c\u2019est juste la mani\u00e8re dont je suis pr\u00eat \u00e0 continuer d\u2019\u00e9crire l\u2019histoire. Mais m\u00eame l\u00e0, il n\u2019est plus lieu de douter du sens du vent. J\u2019ai fait un choix. Je sais ce qu\u2019il implique et o\u00f9 il peut m\u2019entra\u00eener. Mais \u00e0 vrai dire, je m\u2019en fiche. En fait, je n\u2019ai plus d\u2019alternative. Je n\u2019en veux plus. J\u2019entends d\u2019ici ceux qui me diront qu\u2019il n\u2019y a que les imb\u00e9ciles qui ne changent pas d\u2019avis&#8230; Mais, je ne parle pas de donner mon opinion. C\u2019est d\u2019un autre ordre. D\u2019une autre grandeur. C\u2019est une \u00e9motion. Ce n\u2019est pas une chose que l\u2019on attache dans un coin en priant qu\u2019elle nous laisse tranquille. De n\u2019importe quel sens qu\u2019on la prenne : elle est l\u00e0, pr\u00e9sente. Elle nous entoure. Elle t\u2019entoure toi. Elle entoure elles. J\u2019y passerais des heures et des jours s\u2019il m\u2019\u00e9tait permis de le faire. Je n\u2019ai pas de lassitude, d\u2019ennui. J\u2019ai l\u2019impression d\u2019\u00eatre en vie m\u00eame si les minutes s\u2019allongent et que je les regarde d\u00e9filer au rythme de l\u2019afficheur de ton micro-onde. Je rentre. Je prends le train et je m\u2019\u00e9loigne. Je vais aller faire mes affaires pendant quelques semaines l\u00e0 o\u00f9 j\u2019habite, o\u00f9 je travaille, o\u00f9 \u201cje vis\u201d para\u00eet-il&#8230;. Mais l\u2019essentiel de moi reste \u00e0 c\u00f4t\u00e9 de vous, dans le r\u00e9el, comme dans le t\u00eate&#8230; Comme un album photo constamment vivant et \u00e7a me tient chaud, jusqu\u2019\u00e0 la prochaine.<\/p>\n","protected":false},"excerpt":{"rendered":"<p>C\u2019est juste un bisou dans le cou. Un mouvement de t\u00eate un peu maladroit mais une intention certaine. Les gestes les plus significatifs sont souvent les plus maladroits et les plus incertains. En m\u00eame temps, c\u2019est toujours compliqu\u00e9 de faire comprendre sans r\u00e9ellement dire. Des fois, ce sont des phrases, des attitudes&#8230; Des regards aussi. [&hellip;]<\/p>\n","protected":false},"author":1,"featured_media":0,"comment_status":"open","ping_status":"open","sticky":false,"template":"","format":"standard","meta":{"_exactmetrics_skip_tracking":false,"_exactmetrics_sitenote_active":false,"_exactmetrics_sitenote_note":"","_exactmetrics_sitenote_category":0,"jetpack_post_was_ever_published":false,"_jetpack_newsletter_access":"","_jetpack_dont_email_post_to_subs":false,"_jetpack_newsletter_tier_id":0,"_jetpack_memberships_contains_paywalled_content":false,"_jetpack_memberships_contains_paid_content":false,"footnotes":"","jetpack_publicize_message":"L\u00e0 o\u00f9 je vis http:\/\/wp.me\/pRmGm-vJ","jetpack_publicize_feature_enabled":true,"jetpack_social_post_already_shared":false,"jetpack_social_options":{"image_generator_settings":{"template":"highway","default_image_id":0,"font":"","enabled":false},"version":2}},"categories":[80,9],"tags":[38,8,39],"class_list":["post-1967","post","type-post","status-publish","format-standard","hentry","category-cahier-2012","category-journal","tag-attache","tag-chroniques","tag-sens-du-vent"],"jetpack_publicize_connections":[],"jetpack_featured_media_url":"","jetpack_sharing_enabled":true,"jetpack_shortlink":"https:\/\/wp.me\/p4SHRd-vJ","_links":{"self":[{"href":"https:\/\/ericlaugier.com\/web\/wp-json\/wp\/v2\/posts\/1967","targetHints":{"allow":["GET"]}}],"collection":[{"href":"https:\/\/ericlaugier.com\/web\/wp-json\/wp\/v2\/posts"}],"about":[{"href":"https:\/\/ericlaugier.com\/web\/wp-json\/wp\/v2\/types\/post"}],"author":[{"embeddable":true,"href":"https:\/\/ericlaugier.com\/web\/wp-json\/wp\/v2\/users\/1"}],"replies":[{"embeddable":true,"href":"https:\/\/ericlaugier.com\/web\/wp-json\/wp\/v2\/comments?post=1967"}],"version-history":[{"count":1,"href":"https:\/\/ericlaugier.com\/web\/wp-json\/wp\/v2\/posts\/1967\/revisions"}],"predecessor-version":[{"id":2176,"href":"https:\/\/ericlaugier.com\/web\/wp-json\/wp\/v2\/posts\/1967\/revisions\/2176"}],"wp:attachment":[{"href":"https:\/\/ericlaugier.com\/web\/wp-json\/wp\/v2\/media?parent=1967"}],"wp:term":[{"taxonomy":"category","embeddable":true,"href":"https:\/\/ericlaugier.com\/web\/wp-json\/wp\/v2\/categories?post=1967"},{"taxonomy":"post_tag","embeddable":true,"href":"https:\/\/ericlaugier.com\/web\/wp-json\/wp\/v2\/tags?post=1967"}],"curies":[{"name":"wp","href":"https:\/\/api.w.org\/{rel}","templated":true}]}}