{"id":2146,"date":"2013-04-21T06:40:57","date_gmt":"2013-04-21T04:40:57","guid":{"rendered":"http:\/\/ericlaugier.com\/web\/?p=2146"},"modified":"2013-04-21T06:40:57","modified_gmt":"2013-04-21T04:40:57","slug":"la-beaute-est-dans-le-regard-de-celui-qui-la-voit-et-non-dans-lobjet-qui-la-porte","status":"publish","type":"post","link":"https:\/\/ericlaugier.com\/web\/blog\/2013\/04\/21\/la-beaute-est-dans-le-regard-de-celui-qui-la-voit-et-non-dans-lobjet-qui-la-porte\/","title":{"rendered":"La beaut\u00e9 est dans le regard de celui qui la voit et non dans l\u2019objet qui la porte."},"content":{"rendered":"<p style=\"text-align: justify;\">Je voudrais parfois ne pas avoir \u00e0 parler d\u2019elle. Moins parce qu\u2019elle est une blessure que parce qu\u2019au final, je n\u2019ai pas grand chose \u00e0 en dire. Je n\u2019ignore pas les \u00e9v\u00e9nements pass\u00e9s mais c\u2019est juste que la place qu\u2019elle est trop grande, trop complexe \u00e0 expliquer que lorsque j\u2019essaie de raconter un \u00e9pisode tout simple sans arri\u00e8re-pens\u00e9e, tout revient connot\u00e9 de la mauvaise mani\u00e8re. Je comprends que pour le peu de gens pour lesquelles je repr\u00e9sente quelque chose, chaque fois o\u00f9 son nom revient dans la conversation, il y a comme une sorte de crispation, de nervosit\u00e9. \u201cIl y pense encore\u201d, c\u2019est le seul \u00e9l\u00e9ment qui leur vient \u00e0 l\u2019esprit et c\u2019est forc\u00e9ment de mauvaise augure. Peut-\u00eatre. Peut-\u00eatre pas. Pour dire toute la v\u00e9rit\u00e9, je ne le sais pas moi-m\u00eame. J\u2019avance un peu \u00e0 la mani\u00e8re d\u2019un automate d\u00e9sormais. J\u2019avais d\u00e9j\u00e0 compris, il y a quelques ann\u00e9es, que faire des plans, pr\u00e9voir, n\u2019avait pas vraiment de sens mais j\u2019ai compris une autre chose avec elle : esp\u00e9rer est une sorte de vice. Je ne sais pas bien expliquer la raison exacte qui me pousse \u00e0 affirmer une telle chose mais je la ressens comme cela. Ce n\u2019est pas g\u00eanant en tant que tel, cela rend juste n\u2019importe quel \u00e9v\u00e9nement de la vie un peu anodin, sans relief. On agit par simple r\u00e9flexe sans anticiper, sans \u00e9motion. Enfin, pas sans \u00e9motion. Sans ce qui fait que l\u2019\u00e9motion atteint une mesure qui remue notre ordinaire. Je suis un peu comme un homme sur le quai d\u2019une gare qui regarde passer les trains sans trouver une rame dans laquelle s\u2019embarquer. Vous trouvez cela triste, morne ? Vous aurez raison. Cependant, a contrario, est-ce suffisant pour que ce sentiment conduise \u00e0 une critique ?<br \/>\n\u201cTu verras, tu dis cela aujourd\u2019hui et demain, il t\u2019arrivera un truc bien et \u00e7a te changera la vie du tout au tout&#8230;\u201d<br \/>\nJe souris quand les gens me disent cela. Des \u201ctrucs biens\u201d, j\u2019en ai une pleine besace. Est-ce que ma vie a chang\u00e9 du tout au tout ? Oui. Et puis tout est retomb\u00e9, car rien n\u2019est fait pour durer. Les gens voudraient croire ce qu\u2019ils pr\u00eachent jour apr\u00e8s jour ; le seul souci, c\u2019est que ce pr\u00eache change chaque jour, quitte \u00e0 affirmer le contraire de la veille, car en fin de compte, ce qui compte, c\u2019est d\u2019\u00eatre heureux et bien dans sa peau. S\u2019il faut mettre de c\u00f4t\u00e9 quelques v\u00e9rit\u00e9s, \u00e9laborer quelques mensonges pour que le d\u00e9cor soit un peu plus joli et que les autres n\u2019y voient que du feu (ou bien fassent semblants) : tout est bien dans le meilleur des mondes. Je n\u2019ai pas envie de cela. Je n\u2019ai jamais aim\u00e9 l\u2019hypocrisie surtout lorsqu\u2019elle vise \u00e0 tromper non seulement les autres mais soi-m\u00eame. Je ne suis pas quelqu\u2019un de parfait mais je n\u2019ai pas envie d\u2019avoir \u00e0 masquer mes d\u00e9fauts. Je n\u2019ai pas envie non plus que l\u2019autre me masque ses d\u00e9fauts. Ils font partie int\u00e9grante de lui, d\u2019elle. C\u2019est un tout. Je ne veux pas uniquement de l\u2019image qui se refl\u00e8te sur le miroir. Je ne veux pas que le printemps et l\u2019\u00e9t\u00e9. Je veux toutes les saisons.<br \/>\nJe voudrais parfois ne pas avoir \u00e0 parler d\u2019elle et au final, j\u2019y arrive car lorsque je peins son corps, ses mots sur la toile de mes conversations, de mes bouts de papiers, la silhouette que j\u2019esquisse n\u2019a rien \u00e0 voir avec elle. C\u2019est juste une photo, un instant. Bien cadr\u00e9, on a l\u2019impression qu\u2019il s\u2019en d\u00e9gage une esp\u00e8ce de beaut\u00e9, de chaleur. C\u2019est une oeuvre que l\u2019on pourrait mettre dans un mus\u00e9e pourqu\u2019elle y prenne la poussi\u00e8re.<br \/>\nLa beaut\u00e9 est dans le regard de celui qui la voit et non dans l\u2019objet qui la porte.<\/p>\n","protected":false},"excerpt":{"rendered":"<p>Je voudrais parfois ne pas avoir \u00e0 parler d\u2019elle. Moins parce qu\u2019elle est une blessure que parce qu\u2019au final, je n\u2019ai pas grand chose \u00e0 en dire. Je n\u2019ignore pas les \u00e9v\u00e9nements pass\u00e9s mais c\u2019est juste que la place qu\u2019elle est trop grande, trop complexe \u00e0 expliquer que lorsque j\u2019essaie de raconter un \u00e9pisode tout [&hellip;]<\/p>\n","protected":false},"author":1,"featured_media":0,"comment_status":"open","ping_status":"open","sticky":false,"template":"","format":"standard","meta":{"_exactmetrics_skip_tracking":false,"_exactmetrics_sitenote_active":false,"_exactmetrics_sitenote_note":"","_exactmetrics_sitenote_category":0,"jetpack_post_was_ever_published":false,"_jetpack_newsletter_access":"","_jetpack_dont_email_post_to_subs":false,"_jetpack_newsletter_tier_id":0,"_jetpack_memberships_contains_paywalled_content":false,"_jetpack_memberships_contains_paid_content":false,"footnotes":"","jetpack_publicize_message":"","jetpack_publicize_feature_enabled":true,"jetpack_social_post_already_shared":false,"jetpack_social_options":{"image_generator_settings":{"template":"highway","default_image_id":0,"font":"","enabled":false},"version":2}},"categories":[85,9],"tags":[],"class_list":["post-2146","post","type-post","status-publish","format-standard","hentry","category-cahier-2013","category-journal"],"jetpack_publicize_connections":[],"jetpack_featured_media_url":"","jetpack_sharing_enabled":true,"jetpack_shortlink":"https:\/\/wp.me\/p4SHRd-yC","_links":{"self":[{"href":"https:\/\/ericlaugier.com\/web\/wp-json\/wp\/v2\/posts\/2146","targetHints":{"allow":["GET"]}}],"collection":[{"href":"https:\/\/ericlaugier.com\/web\/wp-json\/wp\/v2\/posts"}],"about":[{"href":"https:\/\/ericlaugier.com\/web\/wp-json\/wp\/v2\/types\/post"}],"author":[{"embeddable":true,"href":"https:\/\/ericlaugier.com\/web\/wp-json\/wp\/v2\/users\/1"}],"replies":[{"embeddable":true,"href":"https:\/\/ericlaugier.com\/web\/wp-json\/wp\/v2\/comments?post=2146"}],"version-history":[{"count":1,"href":"https:\/\/ericlaugier.com\/web\/wp-json\/wp\/v2\/posts\/2146\/revisions"}],"predecessor-version":[{"id":2147,"href":"https:\/\/ericlaugier.com\/web\/wp-json\/wp\/v2\/posts\/2146\/revisions\/2147"}],"wp:attachment":[{"href":"https:\/\/ericlaugier.com\/web\/wp-json\/wp\/v2\/media?parent=2146"}],"wp:term":[{"taxonomy":"category","embeddable":true,"href":"https:\/\/ericlaugier.com\/web\/wp-json\/wp\/v2\/categories?post=2146"},{"taxonomy":"post_tag","embeddable":true,"href":"https:\/\/ericlaugier.com\/web\/wp-json\/wp\/v2\/tags?post=2146"}],"curies":[{"name":"wp","href":"https:\/\/api.w.org\/{rel}","templated":true}]}}