{"id":403,"date":"2008-08-03T22:45:08","date_gmt":"2008-08-03T20:45:08","guid":{"rendered":"http:\/\/lettresdurien.wordpress.com\/?p=403"},"modified":"2008-08-03T22:45:08","modified_gmt":"2008-08-03T20:45:08","slug":"des-reves-aux-vents-debout","status":"publish","type":"post","link":"https:\/\/ericlaugier.com\/web\/blog\/2008\/08\/03\/des-reves-aux-vents-debout\/","title":{"rendered":"Des r\u00eaves aux vents debout"},"content":{"rendered":"<p style=\"padding-left:90px\">De l&rsquo;avant-go\u00fbt des r\u00eaves<br \/>\nJ&rsquo;ai gard\u00e9 le  d\u00e9go\u00fbt<br \/>\nPli\u00e9 aux vents qu&rsquo;on l\u00e8ve<br \/>\nQui couronnent les fous<\/p>\n<p style=\"padding-left:90px\">La  plaine \u00e9tait de Sienne<br \/>\nLa mort au rendez-vous<br \/>\nAu rendez-vous de  l&rsquo;haine<br \/>\nque vous gardiez debout<\/p>\n<p style=\"padding-left:90px\">Debout grav\u00e9e de veines<br \/>\nEt  vaine de ces \u00ab\u00a0tout\u00a0\u00bb<br \/>\nCom&rsquo; la main dans la sienne<br \/>\nCrucifi\u00e9es \u00e0 ce  clou<\/p>\n<p style=\"padding-left:90px\">Aux levants qui ne craignent<br \/>\nDe relever la roue<br \/>\nJe  laisse cette laine<br \/>\nQui m&rsquo;a tordu le cou<\/p>\n<p style=\"padding-left:90px\">De l&rsquo;avant-tout des  r\u00eaves<br \/>\nReste cet arri\u00e8re-go\u00fbt<br \/>\nQui colle \u00e0 cette s\u00e8ve<br \/>\nSon espoir  dans un trou<\/p>\n","protected":false},"excerpt":{"rendered":"<p>De l&rsquo;avant-go\u00fbt des r\u00eaves J&rsquo;ai gard\u00e9 le d\u00e9go\u00fbt Pli\u00e9 aux vents qu&rsquo;on l\u00e8ve Qui couronnent les fous La plaine \u00e9tait de Sienne La mort au rendez-vous Au rendez-vous de l&rsquo;haine que vous gardiez debout Debout grav\u00e9e de veines Et vaine de ces \u00ab\u00a0tout\u00a0\u00bb Com&rsquo; la main dans la sienne Crucifi\u00e9es \u00e0 ce clou Aux levants [&hellip;]<\/p>\n","protected":false},"author":1,"featured_media":0,"comment_status":"open","ping_status":"open","sticky":false,"template":"","format":"standard","meta":{"_exactmetrics_skip_tracking":false,"_exactmetrics_sitenote_active":false,"_exactmetrics_sitenote_note":"","_exactmetrics_sitenote_category":0,"jetpack_post_was_ever_published":false,"_jetpack_newsletter_access":"","_jetpack_dont_email_post_to_subs":false,"_jetpack_newsletter_tier_id":0,"_jetpack_memberships_contains_paywalled_content":false,"_jetpack_memberships_contains_paid_content":false,"footnotes":"","jetpack_publicize_message":"Des r\u00eaves aux vents debout","jetpack_publicize_feature_enabled":true,"jetpack_social_post_already_shared":false,"jetpack_social_options":{"image_generator_settings":{"template":"highway","default_image_id":0,"font":"","enabled":false},"version":2}},"categories":[4],"tags":[7,11],"class_list":["post-403","post","type-post","status-publish","format-standard","hentry","category-poesies","tag-la-fille-du-rien","tag-metres"],"jetpack_publicize_connections":[],"jetpack_featured_media_url":"","jetpack_sharing_enabled":true,"jetpack_shortlink":"https:\/\/wp.me\/p4SHRd-6v","_links":{"self":[{"href":"https:\/\/ericlaugier.com\/web\/wp-json\/wp\/v2\/posts\/403","targetHints":{"allow":["GET"]}}],"collection":[{"href":"https:\/\/ericlaugier.com\/web\/wp-json\/wp\/v2\/posts"}],"about":[{"href":"https:\/\/ericlaugier.com\/web\/wp-json\/wp\/v2\/types\/post"}],"author":[{"embeddable":true,"href":"https:\/\/ericlaugier.com\/web\/wp-json\/wp\/v2\/users\/1"}],"replies":[{"embeddable":true,"href":"https:\/\/ericlaugier.com\/web\/wp-json\/wp\/v2\/comments?post=403"}],"version-history":[{"count":0,"href":"https:\/\/ericlaugier.com\/web\/wp-json\/wp\/v2\/posts\/403\/revisions"}],"wp:attachment":[{"href":"https:\/\/ericlaugier.com\/web\/wp-json\/wp\/v2\/media?parent=403"}],"wp:term":[{"taxonomy":"category","embeddable":true,"href":"https:\/\/ericlaugier.com\/web\/wp-json\/wp\/v2\/categories?post=403"},{"taxonomy":"post_tag","embeddable":true,"href":"https:\/\/ericlaugier.com\/web\/wp-json\/wp\/v2\/tags?post=403"}],"curies":[{"name":"wp","href":"https:\/\/api.w.org\/{rel}","templated":true}]}}